{"id":2359,"date":"2022-01-18T17:48:10","date_gmt":"2022-01-18T16:48:10","guid":{"rendered":"https:\/\/hokami.cz\/?p=2359&#038;lang=cs"},"modified":"2022-01-18T17:50:29","modified_gmt":"2022-01-18T16:50:29","slug":"gdpr","status":"publish","type":"post","link":"https:\/\/hokami.cz\/de\/gdpr\/","title":{"rendered":"DSGVO"},"content":{"rendered":"<h1 class=\"wp-block-heading\">DSGVO-Bedingungen<\/h1>\n\n\n\n<p>Liebe Website-Besucher,<\/p>\n\n\n\n<p>Dieses Dokument enth\u00e4lt grundlegende Informationen \u00fcber die Verarbeitung Ihrer personenbezogenen Daten in unserem Unternehmen Hokami CZ sro. Wir wissen es zu sch\u00e4tzen, dass Sie uns erlauben, mit Ihren personenbezogenen Daten zu arbeiten, und wir tun alles, um sicherzustellen, dass diese Daten so gut wie m\u00f6glich gesch\u00fctzt sind. Wir bem\u00fchen uns um gr\u00f6\u00dftm\u00f6gliche Transparenz, damit Sie einen \u00dcberblick dar\u00fcber haben, was wir mit Ihren Daten tun und worauf Sie im Zusammenhang mit der Verarbeitung Ihrer personenbezogenen Daten Rechte haben.<\/p>\n\n\n\n<p>Die Absichtserkl\u00e4rung wurde gem\u00e4\u00df der Verordnung (EU) 2016\/679 des Europ\u00e4ischen Parlaments und des Rates vom 27. April 2016 zum Schutz nat\u00fcrlicher Personen bei der Verarbeitung personenbezogener Daten und zum freien Datenverkehr erstellt und zur Aufhebung der Richtlinie 95\/46 \/ EG <strong><em>DSGVO-Verordnung<\/em><\/strong>) und andere Rechtsvorschriften \u00fcber die Verarbeitung personenbezogener Daten.<\/p>\n\n\n\n<p>In diesem Informationsmemorandum finden Sie folgende Informationen:<\/p>\n\n\n\n<ul class=\"wp-block-list\"><li>Wer ist der Verantwortliche f\u00fcr personenbezogene Daten,<\/li><li>was sind die Zwecke der Verarbeitung personenbezogener Daten,<\/li><li>Was sind die Rechtstitel f\u00fcr die Verarbeitung personenbezogener Daten,<\/li><li>was sind die berechtigten Interessen f\u00fcr die Verarbeitung personenbezogener Daten,<\/li><li>welche personenbezogenen Daten verarbeitet werden,<\/li><li>wie lange personenbezogene Daten gespeichert werden,<\/li><li>wer ist Empf\u00e4nger personenbezogener Daten,<\/li><li>ob personenbezogene Daten au\u00dferhalb der EU \u00fcbermittelt werden,<\/li><li>Welche Rechte haben Sie im Zusammenhang mit der Verarbeitung personenbezogener Daten?<\/li><li>ob eine automatisierte Entscheidung vorliegt.<\/li><\/ul>\n\n\n\n<p>Dieses Informationsmemorandum enth\u00e4lt die grundlegenden Informationen, die der Verantwortliche der betroffenen Person gem\u00e4\u00df <em>DSGVO-Verordnung<\/em>. Das Informationsmemorandum ist auf der Website des Unternehmens verf\u00fcgbar: <a href=\"https:\/\/www.dolicafe.cz\/\">www.hokami.cz<\/a>.<\/p>\n\n\n\n<p>Wenn Sie Fragen zur Verarbeitung Ihrer personenbezogenen Daten haben, z\u00f6gern Sie nicht, uns unter der E-Mail-Adresse zu kontaktieren <a href=\"mailto:gdpr@dolicafe.cz\">gdpr@hokami.cz<\/a>.<\/p>\n\n\n\n<ul class=\"wp-block-list\"><li><strong>EINF\u00dcHRENDE BESTIMMUNGEN<\/strong><\/li><\/ul>\n\n\n\n<p>Der Zweck dieses Informationsmemorandums besteht darin, betroffenen Personen grundlegende Informationen \u00fcber die Verarbeitung personenbezogener Daten bereitzustellen.<\/p>\n\n\n\n<p>F\u00fcr die Zwecke dieses Informationsmemorandums:<\/p>\n\n\n\n<ul class=\"wp-block-list\"><li><strong>Administrator<\/strong>:<\/li><\/ul>\n\n\n\n<p>Verwalter ist die Gesellschaft Hokami CZ sro, mit Sitz in Amp\u00e9rova 464, Liberec 23, 463 12, ID-Nummer 25024981, eingetragen im Handelsregister des Bezirksgerichts in \u00dast\u00ed nad Labem, Aktenzeichen&nbsp;<\/p>\n\n\n\n<p>C12746, vertreten durch Ing. Josef Suska (nachfolgend bezeichnet als <strong>Administrator<\/strong>),<\/p>\n\n\n\n<ul class=\"wp-block-list\"><li><strong>betroffene Person:<\/strong><\/li><\/ul>\n\n\n\n<p>die betroffene Person sind Sie, dh die nat\u00fcrliche Person, \u00fcber die personenbezogene Daten verarbeitet werden - ein Besucher der Website von Hokami CZ sro (im Folgenden als <strong>Betroffene Person<\/strong>).<\/p>\n\n\n\n<p>Der Administrator personenbezogener Daten informiert hiermit \u00fcber die Art und den Umfang der Verarbeitung personenbezogener Daten, einschlie\u00dflich des Umfangs Ihrer Rechte im Zusammenhang mit der Verarbeitung personenbezogener Daten.<\/p>\n\n\n\n<p>Der Manager ist Catering-Dienstleister und betreibt zu diesem Zweck das Caf\u00e9 Dolicafe. Im Rahmen dieser T\u00e4tigkeit werden die personenbezogenen Daten vom Administrator verarbeitet:<\/p>\n\n\n\n<ul class=\"wp-block-list\"><li>soweit sie im Zusammenhang mit der Bestellung von Produkten und \/ oder Dienstleistungen des Administrators bereitgestellt wurden, bzw. im Rahmen von Verhandlungen \u00fcber den Abschluss eines Vertrages mit dem Administrator sowie im Zusammenhang mit dem abgeschlossenen Vertrag und<\/li><li>f\u00fcr die in Artikel 3 dieser Vereinbarung genannten Zwecke.<\/li><\/ul>\n\n\n\n<p>Personenbezogene Daten werden von keiner anderen Stelle verarbeitet. Nur der Administrator hat Zugriff auf die verarbeiteten personenbezogenen Daten.<\/p>\n\n\n\n<ul class=\"wp-block-list\"><li><strong>SCHUTZ PERSONENBEZOGENER DATEN UND VERARBEITUNG VON INFORMATIONEN<\/strong><\/li><\/ul>\n\n\n\n<p>Daten Nr. 110\/2019 Slg., \u00dcber die Verarbeitung personenbezogener Daten, in der jeweils g\u00fcltigen Fassung, und andere relevante gesetzliche Vorschriften gelten f\u00fcr betroffene Personen.<\/p>\n\n\n\n<p>Die betroffene Person erkennt an, dass mit dem Absenden des ausgef\u00fcllten Kontaktformulars die Verarbeitung personenbezogener Daten durch den Administrator beginnt.<\/p>\n\n\n\n<p>Wenn die betroffene Person ihre personenbezogenen Daten nicht zur Verf\u00fcgung stellt, ist es nicht m\u00f6glich, ihr den Dienst zur Kontaktaufnahme mit dem Administrator \u00fcber das Kontaktformular auf der Website zu erbringen. In diesem Zusammenhang sind personenbezogene Daten f\u00fcr die Bereitstellung einer bestimmten Dienstleistung oder eines bestimmten Produkts des Administrators erforderlich.<\/p>\n\n\n\n<p>Die Bereitstellung personenbezogener Daten an den Administrator ist im Allgemeinen eine vertragliche und gesetzliche Anforderung. In Bezug auf die Bereitstellung personenbezogener Daten zu Marketingzwecken, die nicht die Erf\u00fcllung der vertraglichen und gesetzlichen Pflichten des Verantwortlichen darstellt, muss die betroffene Person zustimmen.<\/p>\n\n\n\n<p>Die betroffene Person ist verpflichtet, dem Administrator nur wahre und genaue personenbezogene Daten zur Verf\u00fcgung zu stellen.<\/p>\n\n\n\n<p>Der Administrator wird alle Anstrengungen unternehmen, um die unbefugte Verarbeitung personenbezogener Daten zu verhindern.<\/p>\n\n\n\n<p>Personenbezogene Daten werden und werden in elektronischer Form automatisiert und nicht automatisiert verarbeitet.<\/p>\n\n\n\n<p>Die betroffene Person nimmt zur Kenntnis, dass beim Besuch der Website Cookies durch das Unternehmen auf ihrem Ger\u00e4t gespeichert werden k\u00f6nnen <a href=\"https:\/\/www.dolicafe.cz\/\">www.hokami.cz<\/a>. Cookie-Informationen sind auf der Website des Administrators verf\u00fcgbar.<\/p>\n\n\n\n<ul class=\"wp-block-list\"><li><strong>INFORMATIONEN ZUR INDIVIDUELLEN VERARBEITUNG PERSONENBEZOGENER DATEN<\/strong><\/li><\/ul>\n\n\n\n<p><strong>Website - Kommunikation<\/strong><\/p>\n\n\n\n<figure class=\"wp-block-table\"><table><tbody><tr><td><strong>Zweck der Verarbeitung personenbezogener Daten<\/strong><\/td><td>Umgang mit Antworten auf Fragen, die \u00fcber das Kontaktformular gestellt werden<\/td><\/tr><tr><td><strong>Rechtstitel der Verarbeitung personenbezogener Daten<\/strong><\/td><td>durch Verhandlung erteilte Einwilligung (sog. stillschweigende Einwilligung) \u2013 Artikel 6 (1) (a) der DSGVO-Verordnung<\/td><\/tr><tr><td><strong>Beschreibung des berechtigten Interesses<\/strong><\/td><td>personenbezogene Daten werden nicht aufgrund des Rechtstitels des berechtigten Interesses verarbeitet (Artikel 6 (1) (f) der DSGVO-Verordnung)<\/td><\/tr><tr><td><strong>Kategorien personenbezogener Daten<\/strong><\/td><td>Identifikationsdaten, Kontaktdaten<\/td><\/tr><tr><td><strong>Beschreibung der Kategorie personenbezogener Daten<\/strong><\/td><td>Name, E-Mail, Mitteilungstext, freiwillige Angaben<\/td><\/tr><tr><td><strong>Beschreibung der besonderen Kategorie personenbezogener Daten<\/strong><\/td><td>personenbezogene Daten einer besonderen Kategorie werden nicht verarbeitet<\/td><\/tr><tr><td><strong>Frist zur L\u00f6schung personenbezogener Daten<\/strong><\/td><td>innerhalb von 4 Jahren nach Erhalt der Anfrage \u00fcber das Web-Kontaktformular<br>&nbsp; m\u00f6glicherweise 5 Jahre nach der letzten gemeinsamen Mitteilung<\/td><\/tr><tr><td><strong>Verarbeiter personenbezogener Daten<\/strong><\/td><td>personenbezogene Daten werden nicht an andere Auftragsverarbeiter weitergegeben<\/td><\/tr><tr><td><strong>Empf\u00e4nger personenbezogener Daten<\/strong><\/td><td>personenbezogene Daten werden nicht an Empf\u00e4nger weitergegeben<\/td><\/tr><tr><td><strong>Grenz\u00fcberschreitende Verarbeitung personenbezogener Daten<\/strong><\/td><td>es findet keine \u00dcbermittlung personenbezogener Daten an Drittl\u00e4nder oder internationale Organisationen statt<\/td><\/tr><\/tbody><\/table><\/figure>\n\n\n\n<p>Der Administrator verlangt keine freiwilligen Angaben. Es liegt allein im Ermessen der betroffenen Person, ob und in welchem Umfang sie freiwillige Daten bereitstellt.<\/p>\n\n\n\n<p>Durch die Eingabe freiwilliger Daten willigt die betroffene Person in deren Verarbeitung ein.<\/p>\n\n\n\n<p>Der f\u00fcr die Verarbeitung Verantwortliche verlangt nicht, dass der Text von E-Mails und anderen Mitteilungen personenbezogene Daten der betroffenen Person enth\u00e4lt. Es liegt allein im Ermessen des Betroffenen, ob und in welchem Umfang er seine personenbezogenen Daten bereitstellt.<\/p>\n\n\n\n<p>Durch die Angabe personenbezogener Daten im Text von E-Mails und anderen Mitteilungen stimmt die betroffene Person deren Verarbeitung zu.<\/p>\n\n\n\n<p>Die Bereitstellung personenbezogener Daten ist keine gesetzliche oder vertragliche Verpflichtung.<\/p>\n\n\n\n<p>Die betroffene Person ist nicht verpflichtet, personenbezogene Daten bereitzustellen.<\/p>\n\n\n\n<p>Die m\u00f6glichen Folgen der Nichtbereitstellung sind: Der betroffenen Person kann keine Antwort auf die gestellte Frage \u00fcber das Kontaktformular zugesandt werden.<\/p>\n\n\n\n<p>Personenbezogene Daten werden niemals l\u00e4nger als das gesetzliche Maximum gespeichert. Nach diesem Zeitraum werden die personenbezogenen Daten gem <em>DSGVO-Verordnung<\/em> sicher und unwiederbringlich zerst\u00f6rt werden, damit sie nicht missbraucht werden k\u00f6nnen.<\/p>\n\n\n\n<ul class=\"wp-block-list\"><li><strong>RECHTE DER DATENSUBJEKTE<\/strong><\/li><\/ul>\n\n\n\n<p>Der Administrator arbeitet immer mit Ihren personenbezogenen Daten, damit die Verarbeitung korrekt und sicher erfolgt. Die Rechte der betroffenen Person werden Ihnen garantiert und Sie k\u00f6nnen sie beim Administrator aus\u00fcben.<\/p>\n\n\n\n<p>Die betroffene Person kann ihre Rechte aus\u00fcben:<\/p>\n\n\n\n<ul class=\"wp-block-list\"><li>elektronisch durch Senden einer Nachricht an E-Mail <a href=\"mailto:gdpr@dolicafe.cz\">gdpr@hokami.cz<\/a>.<\/li><\/ul>\n\n\n\n<p>Eine andere M\u00f6glichkeit besteht darin, eine schriftliche Anfrage an die Adresse zu senden: Popzor, sro, Hokami CZ 464, Liberec 23.<\/p>\n\n\n\n<p>Die Erkl\u00e4rung und andere Informationen zu den ergriffenen Ma\u00dfnahmen werden der betroffenen Person so schnell wie m\u00f6glich, sp\u00e4testens jedoch einen Monat nach Einreichung ihrer Anfrage, zur Verf\u00fcgung gestellt. Diese Frist kann aufgrund der Komplexit\u00e4t und Anzahl der Antr\u00e4ge um bis zu zwei Monate verl\u00e4ngert werden. Der Verantwortliche wird die betroffene Person \u00fcber jede Verl\u00e4ngerung und die Gr\u00fcnde, die dazu gef\u00fchrt haben, informieren.<\/p>\n\n\n\n<p>Die Aus\u00fcbung der Rechte wird vom Administrator kostenlos zur Verf\u00fcgung gestellt.<\/p>\n\n\n\n<p>Eine angemessene Geb\u00fchr unter Ber\u00fccksichtigung der mit der Bereitstellung der angeforderten Informationen verbundenen Verwaltungskosten kann erhoben werden, wenn die Anfrage offensichtlich unbegr\u00fcndet oder unverh\u00e4ltnism\u00e4\u00dfig ist, insbesondere im Hinblick auf ihre Wiederholung.<\/p>\n\n\n\n<p>F\u00fcr den Fall, dass die betroffene Person der Ansicht ist, dass der Verantwortliche seine personenbezogenen Daten im Widerspruch zum Schutz seines Privat- und Privatlebens oder gegen geltendes Recht verarbeitet, insbesondere wenn die personenbezogenen Daten im Hinblick auf ihren Zweck ungenau sind Verarbeitung, kann:<\/p>\n\n\n\n<ul class=\"wp-block-list\"><li>Fragen Sie den Administrator nach einer Erkl\u00e4rung per E-Mail an <a href=\"mailto:gdpr@dolicafe.cz\">gdpr@hokami.cz<\/a>,<\/li><li>der Verarbeitung widersprechen und eine E-Mail anfordern <a href=\"mailto:gdpr@dolicafe.cz\">gdpr@hokami.cz<\/a>, damit der Administrator die Beseitigung einer solchen Situation sicherstellen kann (z. B. durch Sperrung, Reparatur, Erg\u00e4nzung oder L\u00f6schung personenbezogener Daten). Der Administrator entscheidet unverz\u00fcglich \u00fcber den Widerspruch und informiert die betroffene Person. Wenn der Administrator dem Widerspruch nicht nachkommt, hat die betroffene Person das Recht, sich direkt an das Amt f\u00fcr den Schutz personenbezogener Daten zu wenden. Diese Bestimmung ber\u00fchrt nicht das Recht der betroffenen Person, sich mit ihrer Beschwerde direkt an das Amt f\u00fcr den Schutz personenbezogener Daten zu wenden.<\/li><\/ul>\n\n\n\n<p><strong>Zugangsrecht:<\/strong><\/p>\n\n\n\n<p>Sie haben das Recht, vom Administrator eine Best\u00e4tigung dar\u00fcber zu erhalten, ob die Sie betreffenden personenbezogenen Daten verarbeitet werden oder nicht. Wenn sie verarbeitet werden, haben Sie das Recht auf Auskunft \u00fcber diese Daten und die folgenden Informationen (die Teil dieser Informationsbrosch\u00fcre sind):<\/p>\n\n\n\n<ul class=\"wp-block-list\"><li>Verarbeitungszwecke,<\/li><li>Kategorien verarbeiteter personenbezogener Daten,<\/li><li>die Empf\u00e4nger oder Kategorien von Empf\u00e4ngern, gegen\u00fcber denen die personenbezogenen Daten offengelegt worden sind oder noch offengelegt werden, insbesondere Empf\u00e4nger in Drittl\u00e4ndern oder bei internationalen Organisationen,<\/li><li>die geplante Dauer, f\u00fcr die die personenbezogenen Daten gespeichert werden, oder, falls dies nicht bestimmbar ist, die Kriterien, die zur Bestimmung dieser Dauer verwendet werden,<\/li><li>das Bestehen des Rechts, vom Administrator die Berichtigung oder L\u00f6schung der Sie betreffenden personenbezogenen Daten oder die Einschr\u00e4nkung ihrer Verarbeitung zu verlangen oder gegen diese Verarbeitung Widerspruch einzulegen,<\/li><li>das Recht, eine Beschwerde bei der Aufsichtsbeh\u00f6rde einzureichen, die das Amt f\u00fcr den Schutz personenbezogener Daten in der Tschechischen Republik ist,<\/li><li>alle verf\u00fcgbaren Informationen \u00fcber die Quelle personenbezogener Daten, wenn diese nicht von Ihnen stammen,<\/li><li>die Tatsache, dass eine automatisierte Entscheidungsfindung einschlie\u00dflich Profiling stattfindet, und zumindest in diesen F\u00e4llen aussagekr\u00e4ftige Informationen \u00fcber das verwendete Verfahren sowie die Bedeutung und die voraussichtlichen Folgen einer solchen Verarbeitung f\u00fcr die betroffene Person.<\/li><\/ul>\n\n\n\n<p>Wenn personenbezogene Daten an ein Drittland oder eine internationale Organisation \u00fcbermittelt werden, hat die betroffene Person das Recht, \u00fcber die f\u00fcr die \u00dcbermittlung geltenden angemessenen Garantien informiert zu werden.<\/p>\n\n\n\n<p>Sie haben das Recht, vom Administrator zu verlangen, dass er Ihnen eine Kopie der verarbeiteten personenbezogenen Daten zur Verf\u00fcgung stellt. Der Administrator kann auf Ihre Anfrage eine angemessene Geb\u00fchr f\u00fcr zus\u00e4tzliche Kopien auf der Grundlage der Verwaltungskosten erheben. Wenn Sie den Antrag in elektronischer Form stellen, werden die Informationen in elektronischer Form bereitgestellt, die allgemein verwendet wird, sofern Sie nichts anderes verlangen. Das Recht auf Erhalt einer Kopie darf die Rechte und Freiheiten anderer Personen nicht beeintr\u00e4chtigen.<\/p>\n\n\n\n<p><strong>Recht auf Berichtigung:<\/strong><\/p>\n\n\n\n<p>Sie haben das Recht, vom Administrator die unverz\u00fcgliche Berichtigung Ihrer unrichtigen personenbezogenen Daten zu verlangen. Unter Ber\u00fccksichtigung der Zwecke der Verarbeitung haben Sie das Recht, unvollst\u00e4ndige personenbezogene Daten zu erg\u00e4nzen, auch durch eine zus\u00e4tzliche Erkl\u00e4rung.<\/p>\n\n\n\n<p><strong>Recht auf L\u00f6schung:<\/strong><\/p>\n\n\n\n<p>Sie haben das Recht, vom Administrator zu verlangen, dass Ihre personenbezogenen Daten unverz\u00fcglich gel\u00f6scht werden, und der Administrator ist verpflichtet, die personenbezogenen Daten unverz\u00fcglich zu l\u00f6schen, wenn einer der folgenden Gr\u00fcnde vorliegt:<\/p>\n\n\n\n<ul class=\"wp-block-list\"><li>Personenbezogene Daten werden f\u00fcr die Zwecke, f\u00fcr die sie erhoben oder auf sonstige Weise verarbeitet wurden, nicht mehr ben\u00f6tigt,<\/li><li>Sie widerrufen die Einwilligung und es besteht kein anderweitiger Rechtsgrund f\u00fcr die Verarbeitung,<\/li><li>Einw\u00e4nde gegen die Verarbeitung zu erheben, die auf der Grundlage des \u00f6ffentlichen Interesses und der Aus\u00fcbung \u00f6ffentlicher Gewalt oder der berechtigten Interessen des Administrators erfolgt, einschlie\u00dflich Profiling, und es gibt keine vorrangigen berechtigten Gr\u00fcnde f\u00fcr die Verarbeitung,<\/li><li>Widerspruch gegen die Verarbeitung zu Zwecken der Direktwerbung erheben,<\/li><li>Personenbezogene Daten wurden rechtswidrig verarbeitet,<\/li><li>Personenbezogene Daten m\u00fcssen gel\u00f6scht werden, um einer rechtlichen Verpflichtung nachzukommen, die im Unionsrecht oder im Recht der Mitgliedstaaten festgelegt ist und f\u00fcr den Administrator gilt,<\/li><li>Personenbezogene Daten wurden im Zusammenhang mit dem Angebot von Diensten der Informationsgesellschaft f\u00fcr das Kind erhoben.<\/li><\/ul>\n\n\n\n<p>Nach Ablauf der f\u00fcr die Verarbeitung personenbezogener Daten festgelegten Zeit l\u00f6scht der Administrator die personenbezogenen Daten immer und automatisch. Sie k\u00f6nnen sich jederzeit an den Administrator wenden, um die L\u00f6schung zu beantragen. Nach Erhalt einer solchen Anfrage wird der Administrator die Legitimit\u00e4t Ihres Rechts pr\u00fcfen (der Administrator kann gesetzliche Verpflichtungen oder ein berechtigtes Interesse an der Verarbeitung personenbezogener Daten haben, auf deren Grundlage er Ihre personenbezogenen Daten weiterverarbeiten kann) und Sie informieren Sie von seiner Siedlung.<\/p>\n\n\n\n<p><strong>Recht auf Einschr\u00e4nkung der Verarbeitung:<\/strong><\/p>\n\n\n\n<p>Sie haben das Recht, vom Administrator zu verlangen, die Verarbeitung Ihrer personenbezogenen Daten in einem der folgenden F\u00e4lle einzuschr\u00e4nken:<\/p>\n\n\n\n<ul class=\"wp-block-list\"><li>Sie bestreiten die Richtigkeit der personenbezogenen Daten f\u00fcr die Zeit, die der Administrator ben\u00f6tigt, um die Richtigkeit der personenbezogenen Daten zu \u00fcberpr\u00fcfen,<\/li><li>die Verarbeitung unrechtm\u00e4\u00dfig ist und Sie sich weigern, die personenbezogenen Daten zu l\u00f6schen, und stattdessen verlangen, ihre Nutzung einzuschr\u00e4nken,<\/li><li>Der Administrator ben\u00f6tigt keine personenbezogenen Daten mehr f\u00fcr Verarbeitungszwecke, aber Sie fordern sie zur Feststellung, Durchsetzung oder Verteidigung von Rechtsanspr\u00fcchen an,<\/li><li>Einw\u00e4nde gegen die Verarbeitung zu erheben, die im \u00f6ffentlichen Interesse und in Aus\u00fcbung \u00f6ffentlicher Gewalt oder berechtigter Interessen durch den Administrator erfolgt, einschlie\u00dflich Profiling, bis \u00fcberpr\u00fcft wurde, dass die legitimen Gr\u00fcnde des Administrators Ihre legitimen Gr\u00fcnde \u00fcberwiegen.<\/li><\/ul>\n\n\n\n<p>Wenn die Verarbeitung eingeschr\u00e4nkt wurde, d\u00fcrfen diese personenbezogenen Daten, mit Ausnahme ihrer Speicherung, nur mit Ihrer Einwilligung oder zum Zweck der Feststellung, Durchsetzung oder Verteidigung von Rechtsanspr\u00fcchen, zum Schutz der Rechte einer anderen nat\u00fcrlichen oder juristischen Person oder verarbeitet werden aus Gr\u00fcnden des \u00fcberwiegenden \u00f6ffentlichen Interesses eines Mitgliedstaats.<\/p>\n\n\n\n<p>Wenn die Einschr\u00e4nkung der Verarbeitung Ihrer personenbezogenen Daten aufgehoben werden soll, werden Sie im Voraus vom Administrator informiert.<\/p>\n\n\n\n<p><strong>Recht auf Portabilit\u00e4t:<\/strong><\/p>\n\n\n\n<p>Sie haben das Recht, personenbezogene Daten in Bezug auf Sie zu erhalten, die dem Administrator in einem strukturierten, allgemein gebr\u00e4uchlichen und maschinenlesbaren Format bereitgestellt wurden, und das Recht, diese Daten an einen anderen Administrator zu \u00fcbertragen, ohne den Administrator, dem die personenbezogenen Daten geh\u00f6ren, zu behindern bereitgestellt wurden, wenn:<\/p>\n\n\n\n<ul class=\"wp-block-list\"><li>Die Verarbeitung basiert auf einer Einwilligung oder einem Vertrag und gleichzeitig<\/li><li>Die Verarbeitung erfolgt automatisch.<\/li><\/ul>\n\n\n\n<p>Bei der Aus\u00fcbung dieses Rechts k\u00f6nnen Sie verlangen, dass der Administrator personenbezogene Daten direkt von einem Administrator an einen anderen Administrator \u00fcbertr\u00e4gt, sofern dies technisch machbar ist.<\/p>\n\n\n\n<p>Dieses Recht kann nicht ausge\u00fcbt werden, wenn die Verarbeitung f\u00fcr die Erf\u00fcllung einer Aufgabe erforderlich ist, die im \u00f6ffentlichen Interesse liegt oder in Aus\u00fcbung \u00f6ffentlicher Gewalt erfolgt, die dem Administrator \u00fcbertragen wurde.<\/p>\n\n\n\n<p><strong>Widerspruchsrecht:<\/strong><\/p>\n\n\n\n<p>Sie haben jederzeit das Recht, der Verarbeitung Ihrer personenbezogenen Daten zu widersprechen, die auf der Grundlage des \u00f6ffentlichen Interesses und der Aus\u00fcbung \u00f6ffentlicher Gewalt oder der berechtigten Interessen des Administrators verarbeitet wird, einschlie\u00dflich Profiling. Der Administrator verarbeitet personenbezogene Daten nicht weiter, es sei denn, er weist schwerwiegende legitime Gr\u00fcnde f\u00fcr die Verarbeitung nach, die Ihre Interessen oder Rechte und Freiheiten \u00fcberwiegen, oder zur Feststellung, Aus\u00fcbung oder Verteidigung von Rechtsanspr\u00fcchen.<\/p>\n\n\n\n<p>Wenn personenbezogene Daten f\u00fcr Zwecke des Direktmarketings verarbeitet werden, haben Sie das Recht, jederzeit der Verarbeitung Ihrer personenbezogenen Daten f\u00fcr dieses Marketing zu widersprechen, einschlie\u00dflich der Profilerstellung, soweit dieses Direktmarketing betroffen ist.<\/p>\n\n\n\n<p>Wenn Ihre personenbezogenen Daten zu wissenschaftlichen oder historischen Forschungszwecken oder zu statistischen Zwecken verarbeitet werden, haben Sie das Recht, aus Gr\u00fcnden, die sich aus Ihrer besonderen Situation ergeben, gegen die Verarbeitung Ihrer personenbezogenen Daten Widerspruch einzulegen. Dies gilt nicht, wenn die Verarbeitung zur Wahrnehmung einer im \u00f6ffentlichen Interesse liegenden Aufgabe erforderlich ist.<\/p>\n\n\n\n<p>Gem\u00e4\u00df den Anforderungen in <em>DSGVO-Verordnung<\/em>wurde dieses Recht ausdr\u00fccklich erw\u00e4hnt und klar und getrennt von allen anderen Informationen angegeben.<\/p>\n\n\n\n<p><strong>Das Recht, nicht Gegenstand einer automatisierten Entscheidungsfindung, einschlie\u00dflich Profiling, zu sein:<\/strong><\/p>\n\n\n\n<p>Sie haben das Recht, nicht einer ausschlie\u00dflich auf einer automatisierten Verarbeitung \u2013 einschlie\u00dflich Profiling \u2013 beruhenden Entscheidung unterworfen zu werden, die Ihnen gegen\u00fcber rechtliche Wirkung entfaltet oder Sie in \u00e4hnlicher Weise erheblich beeintr\u00e4chtigt.<\/p>\n\n\n\n<p>Das Recht kann nicht ausge\u00fcbt werden, wenn die Entscheidung:<\/p>\n\n\n\n<ul class=\"wp-block-list\"><li>f\u00fcr den Vertragsschluss oder die Vertragserf\u00fcllung erforderlich sind,<\/li><li>dies nach dem Recht der Union oder eines Mitgliedstaats zul\u00e4ssig ist, das f\u00fcr den Administrator gilt und das auch geeignete Ma\u00dfnahmen zum Schutz Ihrer Rechte und Freiheiten und berechtigten Interessen vorsieht,<\/li><li>auf Grundlage Ihrer ausdr\u00fccklichen Zustimmung.<\/li><\/ul>\n\n\n\n<p>Wenn die Verarbeitung personenbezogener Daten auf einem Vertrag oder einer ausdr\u00fccklichen Einwilligung beruht, ergreift der Datenverantwortliche angemessene Ma\u00dfnahmen, um Ihre Rechte und Freiheiten und berechtigten Interessen zu sch\u00fctzen, zumindest das Recht auf menschliches Eingreifen durch den Verantwortlichen, das Recht auf Meinungs\u00e4u\u00dferung, das Recht auf Aufkl\u00e4rung und Entscheidung.<\/p>\n\n\n\n<p><strong>Recht auf Widerruf einer Einwilligung:<\/strong><\/p>\n\n\n\n<p>Sie haben das Recht, Ihre Zustimmung (oder stillschweigende Zustimmung) zur Verarbeitung Ihrer personenbezogenen Daten jederzeit zu widerrufen. Der Widerspruch kann durch \u00dcbersendung eines Widerrufs der Einwilligung an folgende E-Mail erfolgen: <a href=\"mailto:gdpr@dolicafe.cz\">gdpr@hokami.cz<\/a>.<\/p>\n\n\n\n<p><strong>Beschwerderecht bei der Aufsichtsbeh\u00f6rde:<\/strong><\/p>\n\n\n\n<p>Sie haben das Recht auf Beschwerde bei einer Aufsichtsbeh\u00f6rde, insbesondere in dem Mitgliedstaat Ihres Aufenthaltsorts, Ihres Arbeitsplatzes oder des Orts des mutma\u00dflichen Versto\u00dfes, wenn Sie der Ansicht sind, dass gegen die Verarbeitung Ihrer personenbezogenen Daten versto\u00dfen wird. <em>DSGVO-Verordnung<\/em>.<\/p>\n\n\n\n<p>Die Aufsichtsbeh\u00f6rde in der Tschechischen Republik ist das Amt f\u00fcr den Schutz personenbezogener Daten, das unter Lt. Col. Sochora 27, 170 00 Prag 7, Telefonnummer +420 234 665 111 (Zentrale) oder E-Mail <a href=\"mailto:posta@uoou.cz\">posta@uoou.cz<\/a>. F\u00fcr weitere Informationen besuchen Sie <a href=\"https:\/\/www.uoou.cz\/\">https:\/\/www.uoou.cz\/<\/a>.<\/p>\n\n\n\n<ul class=\"wp-block-list\"><li><strong>AUTOMATISIERTE ENTSCHEIDUNG - TREFFEN<\/strong><\/li><\/ul>\n\n\n\n<p>Die Verarbeitung personenbezogener Daten umfasst kein Profiling.<\/p>\n\n\n\n<p>Die Verarbeitung personenbezogener Daten beinhaltet keine automatisierte Entscheidungsfindung.<\/p>\n\n\n\n<ul class=\"wp-block-list\"><li><strong>&nbsp;SCHLUSSBESTIMMUNGEN<\/strong><\/li><\/ul>\n\n\n\n<p>Alle Rechtsbeziehungen, die im Zusammenhang mit der Verarbeitung personenbezogener Daten entstehen, unterliegen den Gesetzen der Tschechischen Republik, unabh\u00e4ngig davon, wo der Zugriff darauf erfolgt ist. F\u00fcr die Beilegung von Streitigkeiten im Zusammenhang mit dem Schutz der Privatsph\u00e4re zwischen der betroffenen Person und dem Administrator sind die tschechischen Gerichte zust\u00e4ndig.<\/p>\n\n\n\n<p>Betroffene Personen, die ihre personenbezogenen Daten \u00fcber das Kontaktformular zum Zweck der Kommunikation mit dem Administrator bereitstellen oder der Verarbeitung personenbezogener Daten zustimmen, tun dies freiwillig in ihrem Namen, und der Administrator kontrolliert ihre Aktivit\u00e4ten in keiner Weise.<\/p>\n\n\n\n<p>Der Wortlaut des Informationsmemorandums kann von der Verwaltungsstelle ge\u00e4ndert oder erg\u00e4nzt werden.<\/p>\n\n\n\n<p>Diese Absichtserkl\u00e4rung tritt am 18. Januar 2022 in Kraft.<\/p>","protected":false},"excerpt":{"rendered":"<p>Podm\u00ednky GDPR V\u00e1\u017een\u00ed n\u00e1v\u0161t\u011bvn\u00edci webov\u00fdch str\u00e1nek, tento dokument obsahuje z\u00e1kladn\u00ed informace o zpracov\u00e1v\u00e1n\u00ed Va\u0161ich osobn\u00edch \u00fadaj\u016f v na\u0161\u00ed spole\u010dnosti Hokami CZ s. r. o. V\u00e1\u017e\u00edme si toho, \u017ee n\u00e1m umo\u017e\u0148ujete pr\u00e1ci s Va\u0161imi osobn\u00edmi \u00fadaji a d\u011bl\u00e1me v\u0161e proto, aby byly tyto \u00fadaje v maxim\u00e1ln\u00ed mo\u017en\u00e9 m\u00ed\u0159e ochr\u00e1n\u011bny. Sna\u017e\u00edme se b\u00fdt k V\u00e1m co nejv\u00edce [&hellip;]<\/p>","protected":false},"author":1,"featured_media":1249,"comment_status":"open","ping_status":"open","sticky":false,"template":"","format":"standard","meta":{"_acf_changed":false,"_et_pb_use_builder":"off","_et_pb_old_content":"","_et_gb_content_width":"","footnotes":""},"categories":[1],"tags":[],"class_list":["post-2359","post","type-post","status-publish","format-standard","has-post-thumbnail","hentry","category-uncategorized"],"acf":[],"_links":{"self":[{"href":"https:\/\/hokami.cz\/de\/wp-json\/wp\/v2\/posts\/2359","targetHints":{"allow":["GET"]}}],"collection":[{"href":"https:\/\/hokami.cz\/de\/wp-json\/wp\/v2\/posts"}],"about":[{"href":"https:\/\/hokami.cz\/de\/wp-json\/wp\/v2\/types\/post"}],"author":[{"embeddable":true,"href":"https:\/\/hokami.cz\/de\/wp-json\/wp\/v2\/users\/1"}],"replies":[{"embeddable":true,"href":"https:\/\/hokami.cz\/de\/wp-json\/wp\/v2\/comments?post=2359"}],"version-history":[{"count":0,"href":"https:\/\/hokami.cz\/de\/wp-json\/wp\/v2\/posts\/2359\/revisions"}],"wp:featuredmedia":[{"embeddable":true,"href":"https:\/\/hokami.cz\/de\/wp-json\/wp\/v2\/media\/1249"}],"wp:attachment":[{"href":"https:\/\/hokami.cz\/de\/wp-json\/wp\/v2\/media?parent=2359"}],"wp:term":[{"taxonomy":"category","embeddable":true,"href":"https:\/\/hokami.cz\/de\/wp-json\/wp\/v2\/categories?post=2359"},{"taxonomy":"post_tag","embeddable":true,"href":"https:\/\/hokami.cz\/de\/wp-json\/wp\/v2\/tags?post=2359"}],"curies":[{"name":"wp","href":"https:\/\/api.w.org\/{rel}","templated":true}]}}